{"id":914,"date":"2023-12-01T09:30:51","date_gmt":"2023-12-01T08:30:51","guid":{"rendered":"http:\/\/spjastrzab.ugporaj.pl\/?p=914"},"modified":"2024-01-08T11:15:24","modified_gmt":"2024-01-08T10:15:24","slug":"szkola-patriotow-2","status":"publish","type":"post","link":"https:\/\/spjastrzab.ugporaj.pl\/?p=914","title":{"rendered":"Szko\u0142a Patriot\u00f3w"},"content":{"rendered":"<p>27listopada 2023 roku w Zespole Pa\u0144stwowych Szk\u00f3\u0142 Muzycznych im. W. Kilara w Katowicach odby\u0142o si\u0119 uroczyste podsumowanie wojew\u00f3dzkiego projektu Szko\u0142a Patriot\u00f3w.<\/p>\n<p><!--more--><\/p>\n<p>Certyfikat z tytu\u0142em Szko\u0142a Patriot\u00f3w otrzyma\u0142y 103 szko\u0142y podstawowe- w tym r\u00f3wnie\u017c <b>Szko\u0142a Podstawowa im. Kazimierza Wielkiego w Jastrz\u0119biu. <\/b>Certyfikat nadaje wysok\u0105 rang\u0119 przedsi\u0119wzi\u0119ciom podejmowanym przez szko\u0142\u0119, kt\u00f3ra staje si\u0119 wzorem do na\u015bladowania- doda\u0142a pani Anna Kij, dyrektor Wydzia\u0142u Jako\u015bci Edukacji w Kuratorium O\u015bwiaty w Katowicach.<\/p>\n<p>Wyj\u0105tkowym symbolem tytu\u0142u Szko\u0142a Patriot\u00f3w jest specjalnie przygotowany bandolier i Ziarna Niepodleg\u0142o\u015bci, kt\u00f3re otrzyma\u0142y wyr\u00f3\u017cnione szko\u0142y, w tym tak\u017ce nasza plac\u00f3wka.<\/p>\n<p>Adresatami tej inicjatywy by\u0142y dzieci i m\u0142odzie\u017c, ucz\u0119szczaj\u0105ca do przedszkoli i szk\u00f3\u0142 naszego wojew\u00f3dztwa. Celem projektu by\u0142o przede wszystkim piel\u0119gnowanie pami\u0119ci o wa\u017cnych dla kraju i naszego regionu osobach, wydarzeniach oraz miejscach, kt\u00f3re zapisa\u0142y si\u0119 na kartach polskiej historii.<\/p>\n<p>Oceny realizowanych przez szko\u0142y dzia\u0142a\u0144 w ramach projektu edukacyjnego dokona\u0142a Kapitu\u0142a, kt\u00f3r\u0105 tworzyli: Urszula Bauer- \u015al\u0105ski Kurator O\u015bwiaty, Jadwiga Wi\u015bniewska- Pose\u0142 do Parlamentu Europejskiego, dr Andrzej Sznajder- dyrektor Instytutu Pami\u0119ci Narodowej Oddzia\u0142u w Katowicach, Anna Rakocz- Przewodnicz\u0105ca Og\u00f3lnopolskiej Federacji Stowarzysze\u0144 Represjonowanych w Stanie Wojennym, Romuald Kubiciel- dyrektor Liceum Og\u00f3lnokszta\u0142c\u0105cego im. Powsta\u0144c\u00f3w \u015al\u0105skich w Bieruniu. Projekt jest niezwykle cenny, poniewa\u017c historia jako przedmiot nauczania bywa przez uczni\u00f3w odbierana jako nudna. W momencie, kiedy uda si\u0119 nam, nauczycielom historii, powi\u0105za\u0107 te tre\u015bci, o kt\u00f3rych m\u00f3wimy na lekcjach, z realiami naszego regionu oraz z miejscem, w kt\u00f3rym mieszkamy, ta historia zaczyna by\u0107 zrozumia\u0142a- podkre\u015bli\u0142 pan dr Andrzej Sznajder.<\/p>\n<p>&nbsp;<\/p>\n<p align=\"CENTER\">\u201e<i>Ale nie depczcie przesz\u0142o\u015bci o\u0142tarzy,<\/i><\/p>\n<p align=\"CENTER\"><i>Cho\u0107 macie sami doskonalsze wznie\u015b\u0107.<\/i><\/p>\n<p align=\"CENTER\"><i>Na nich si\u0119 jeszcze \u015bwi\u0119ty ogie\u0144 \u017carzy<\/i><\/p>\n<p align=\"CENTER\"><i>I mi\u0142o\u015b\u0107 ludzka stoi tam na stra\u017cy<\/i><\/p>\n<p align=\"CENTER\"><i>I wy winni\u015bcie im cze\u015b\u0107\u201d <\/i><\/p>\n<p align=\"CENTER\"><i>Adam Asnyk<\/i><\/p>\n<p align=\"CENTER\">&nbsp;<\/p>\n<p align=\"CENTER\"><img fetchpriority=\"high\" decoding=\"async\" class=\"alignnone size-full wp-image-909\" src=\"http:\/\/spjastrzab.ugporaj.pl\/wp-content\/uploads\/2023\/12\/405322650_239973428936509_686225973163867493_n.jpg\" alt=\"\" width=\"300\" height=\"200\"> <img decoding=\"async\" class=\"alignnone size-full wp-image-908\" src=\"http:\/\/spjastrzab.ugporaj.pl\/wp-content\/uploads\/2023\/12\/405300032_7228755270476083_978410209601755617_n.jpg\" alt=\"\" width=\"300\" height=\"195\" srcset=\"https:\/\/spjastrzab.ugporaj.pl\/wp-content\/uploads\/2023\/12\/405300032_7228755270476083_978410209601755617_n.jpg 300w, https:\/\/spjastrzab.ugporaj.pl\/wp-content\/uploads\/2023\/12\/405300032_7228755270476083_978410209601755617_n-230x150.jpg 230w\" sizes=\"(max-width: 300px) 100vw, 300px\" \/> <img decoding=\"async\" class=\"alignnone size-full wp-image-906\" src=\"http:\/\/spjastrzab.ugporaj.pl\/wp-content\/uploads\/2023\/12\/405167250_836042284937939_5538998970216235999_n.jpg\" alt=\"\" width=\"300\" height=\"200\"> <img loading=\"lazy\" decoding=\"async\" class=\"alignnone size-full wp-image-907\" src=\"http:\/\/spjastrzab.ugporaj.pl\/wp-content\/uploads\/2023\/12\/405269360_292916233716709_6797906138960641665_n.jpg\" alt=\"\" width=\"300\" height=\"146\"> <img loading=\"lazy\" decoding=\"async\" class=\"alignnone size-full wp-image-903\" src=\"http:\/\/spjastrzab.ugporaj.pl\/wp-content\/uploads\/2023\/12\/403751709_315233734668054_1787348010833272785_n.jpg\" alt=\"\" width=\"300\" height=\"200\"> <img loading=\"lazy\" decoding=\"async\" class=\"alignnone size-full wp-image-904\" src=\"http:\/\/spjastrzab.ugporaj.pl\/wp-content\/uploads\/2023\/12\/404089433_4043907365835517_6572407730576750122_n.jpg\" alt=\"\" width=\"300\" height=\"200\"> <img loading=\"lazy\" decoding=\"async\" class=\"alignnone size-full wp-image-905\" src=\"http:\/\/spjastrzab.ugporaj.pl\/wp-content\/uploads\/2023\/12\/404625309_373800498424830_9046956973906482576_n.jpg\" alt=\"\" width=\"300\" height=\"200\"> <img loading=\"lazy\" decoding=\"async\" class=\"alignnone size-medium wp-image-902\" src=\"http:\/\/spjastrzab.ugporaj.pl\/wp-content\/uploads\/2023\/12\/403719856_380744164305679_4390990370783262263_n-225x300.jpg\" alt=\"\" width=\"225\" height=\"300\" srcset=\"https:\/\/spjastrzab.ugporaj.pl\/wp-content\/uploads\/2023\/12\/403719856_380744164305679_4390990370783262263_n-225x300.jpg 225w, https:\/\/spjastrzab.ugporaj.pl\/wp-content\/uploads\/2023\/12\/403719856_380744164305679_4390990370783262263_n-768x1024.jpg 768w, https:\/\/spjastrzab.ugporaj.pl\/wp-content\/uploads\/2023\/12\/403719856_380744164305679_4390990370783262263_n-1152x1536.jpg 1152w, https:\/\/spjastrzab.ugporaj.pl\/wp-content\/uploads\/2023\/12\/403719856_380744164305679_4390990370783262263_n-rotated.jpg 1536w\" sizes=\"(max-width: 225px) 100vw, 225px\" \/> <img loading=\"lazy\" decoding=\"async\" class=\"alignnone size-full wp-image-899\" src=\"http:\/\/spjastrzab.ugporaj.pl\/wp-content\/uploads\/2023\/12\/373409863_1504511893722385_1272785479099771834_n.jpg\" alt=\"\" width=\"300\" height=\"200\"> <img loading=\"lazy\" decoding=\"async\" class=\"alignnone size-full wp-image-900\" src=\"http:\/\/spjastrzab.ugporaj.pl\/wp-content\/uploads\/2023\/12\/403652260_316324551187079_1731037769125379493_n.jpg\" alt=\"\" width=\"300\" height=\"200\"> <img loading=\"lazy\" decoding=\"async\" class=\"alignnone size-full wp-image-901\" src=\"http:\/\/spjastrzab.ugporaj.pl\/wp-content\/uploads\/2023\/12\/403710938_2249688968565103_6313900059140775654_n.jpg\" alt=\"\" width=\"300\" height=\"200\"><\/p>\n","protected":false},"excerpt":{"rendered":"<p>27listopada 2023 roku w Zespole Pa\u0144stwowych Szk\u00f3\u0142 Muzycznych im. W. Kilara w Katowicach odby\u0142o si\u0119 uroczyste podsumowanie wojew\u00f3dzkiego projektu Szko\u0142a Patriot\u00f3w.<\/p>\n","protected":false},"author":2,"featured_media":902,"comment_status":"closed","ping_status":"open","sticky":false,"template":"","format":"standard","meta":{"ngg_post_thumbnail":0,"footnotes":""},"categories":[3],"tags":[],"class_list":["post-914","post","type-post","status-publish","format-standard","has-post-thumbnail","hentry","category-aktualnosci"],"_links":{"self":[{"href":"https:\/\/spjastrzab.ugporaj.pl\/index.php?rest_route=\/wp\/v2\/posts\/914","targetHints":{"allow":["GET"]}}],"collection":[{"href":"https:\/\/spjastrzab.ugporaj.pl\/index.php?rest_route=\/wp\/v2\/posts"}],"about":[{"href":"https:\/\/spjastrzab.ugporaj.pl\/index.php?rest_route=\/wp\/v2\/types\/post"}],"author":[{"embeddable":true,"href":"https:\/\/spjastrzab.ugporaj.pl\/index.php?rest_route=\/wp\/v2\/users\/2"}],"replies":[{"embeddable":true,"href":"https:\/\/spjastrzab.ugporaj.pl\/index.php?rest_route=%2Fwp%2Fv2%2Fcomments&post=914"}],"version-history":[{"count":3,"href":"https:\/\/spjastrzab.ugporaj.pl\/index.php?rest_route=\/wp\/v2\/posts\/914\/revisions"}],"predecessor-version":[{"id":923,"href":"https:\/\/spjastrzab.ugporaj.pl\/index.php?rest_route=\/wp\/v2\/posts\/914\/revisions\/923"}],"wp:featuredmedia":[{"embeddable":true,"href":"https:\/\/spjastrzab.ugporaj.pl\/index.php?rest_route=\/wp\/v2\/media\/902"}],"wp:attachment":[{"href":"https:\/\/spjastrzab.ugporaj.pl\/index.php?rest_route=%2Fwp%2Fv2%2Fmedia&parent=914"}],"wp:term":[{"taxonomy":"category","embeddable":true,"href":"https:\/\/spjastrzab.ugporaj.pl\/index.php?rest_route=%2Fwp%2Fv2%2Fcategories&post=914"},{"taxonomy":"post_tag","embeddable":true,"href":"https:\/\/spjastrzab.ugporaj.pl\/index.php?rest_route=%2Fwp%2Fv2%2Ftags&post=914"}],"curies":[{"name":"wp","href":"https:\/\/api.w.org\/{rel}","templated":true}]}}