{"id":8381,"date":"2026-04-24T11:17:43","date_gmt":"2026-04-24T09:17:43","guid":{"rendered":"https:\/\/spjastrzab.ugporaj.pl\/?p=8381"},"modified":"2026-04-24T11:17:43","modified_gmt":"2026-04-24T09:17:43","slug":"przyszli-czytelnicy-w-bibliotece","status":"publish","type":"post","link":"https:\/\/spjastrzab.ugporaj.pl\/?p=8381","title":{"rendered":"Przyszli czytelnicy w bibliotece"},"content":{"rendered":"<div dir=\"auto\">W \u015brod\u0119 nasze przedszkolaki odwiedzi\u0142y pani\u0105 King\u0119- bibliotekark\u0119 W jastrz\u0119bskiej filii <span class=\"html-span xdj266r x14z9mp xat24cr x1lziwak xexx8yu xyri2b x18d9i69 x1c1uobl x1hl2dhg x16tdsg8 x1vvkbs\"><a class=\"x1i10hfl xjbqb8w x1ejq31n x18oe1m7 x1sy0etr xstzfhl x972fbf x10w94by x1qhh985 x14e42zd x9f619 x1ypdohk xt0psk2 x3ct3a4 xdj266r x14z9mp xat24cr x1lziwak xexx8yu xyri2b x18d9i69 x1c1uobl x16tdsg8 x1hl2dhg xggy1nq x1a2a7pz xkrqix3 x1sur9pj x1fey0fg x1s688f\" tabindex=\"0\" role=\"link\" href=\"https:\/\/www.facebook.com\/gbpporaj?__cft__[0]=AZbrwr2gMW6clkbUfrnZZKd3bfcX-vR6oMfoIY1KVjQhC2RXoWnnQytJ-LYU8-XDEzUjdgdP23yPWyRadXA27PHSUx5AFlPEwqXL5CykfIfEsogbNrQ69Jo_9qIVebiz-kqg7iBMsmu2UqCL3-HKRCwcAgTszPgL4EBs1IzqkPB2aSZfd2UZDac7RLeUCz59yds&amp;__tn__=-]K-R\"><span class=\"xt0psk2\"><span class=\"xjp7ctv\">Gminna Biblioteka Publiczna w Poraju<\/span><\/span><\/a><\/span><\/div>\n<div dir=\"auto\">Dzieci z zaciekawieniem ogl\u0105da\u0142y ksi\u0105\u017cki, pozna\u0142y akcj\u0119 Ma\u0142a ksi\u0105\u017cka &#8211; wielki cz\u0142owiek i obieca\u0142y powr\u00f3ci\u0107 z rodzicami, by m\u00f3c si\u0119 zapisa\u0107 jako pe\u0142noprawny czytelnik <span class=\"html-span xexx8yu xyri2b x18d9i69 x1c1uobl x1hl2dhg x16tdsg8 x1vvkbs x3nfvp2 x1j61x8r x1fcty0u xdj266r xat24cr xm2jcoa x1mpyi22 xxymvpz xlup9mm x1kky2od\"><img decoding=\"async\" class=\"xz74otr x15mokao x1ga7v0g x16uus16 xbiv7yw\" src=\"https:\/\/static.xx.fbcdn.net\/images\/emoji.php\/v9\/t7f\/1\/16\/1f60a.png\" alt=\"\ud83d\ude0a\" width=\"16\" height=\"16\"><\/span><\/div>\n<p><!--more--><\/p>\n","protected":false},"excerpt":{"rendered":"<p>W \u015brod\u0119 nasze przedszkolaki odwiedzi\u0142y pani\u0105 King\u0119- bibliotekark\u0119 W jastrz\u0119bskiej filii Gminna Biblioteka Publiczna w Poraju Dzieci z zaciekawieniem ogl\u0105da\u0142y ksi\u0105\u017cki, pozna\u0142y akcj\u0119 Ma\u0142a ksi\u0105\u017cka &#8211; wielki cz\u0142owiek i obieca\u0142y powr\u00f3ci\u0107 z rodzicami, by m\u00f3c si\u0119 zapisa\u0107 jako pe\u0142noprawny czytelnik<\/p>\n","protected":false},"author":2,"featured_media":8388,"comment_status":"closed","ping_status":"open","sticky":false,"template":"","format":"standard","meta":{"ngg_post_thumbnail":0,"footnotes":""},"categories":[3],"tags":[],"class_list":["post-8381","post","type-post","status-publish","format-standard","has-post-thumbnail","hentry","category-aktualnosci"],"_links":{"self":[{"href":"https:\/\/spjastrzab.ugporaj.pl\/index.php?rest_route=\/wp\/v2\/posts\/8381","targetHints":{"allow":["GET"]}}],"collection":[{"href":"https:\/\/spjastrzab.ugporaj.pl\/index.php?rest_route=\/wp\/v2\/posts"}],"about":[{"href":"https:\/\/spjastrzab.ugporaj.pl\/index.php?rest_route=\/wp\/v2\/types\/post"}],"author":[{"embeddable":true,"href":"https:\/\/spjastrzab.ugporaj.pl\/index.php?rest_route=\/wp\/v2\/users\/2"}],"replies":[{"embeddable":true,"href":"https:\/\/spjastrzab.ugporaj.pl\/index.php?rest_route=%2Fwp%2Fv2%2Fcomments&post=8381"}],"version-history":[{"count":1,"href":"https:\/\/spjastrzab.ugporaj.pl\/index.php?rest_route=\/wp\/v2\/posts\/8381\/revisions"}],"predecessor-version":[{"id":8390,"href":"https:\/\/spjastrzab.ugporaj.pl\/index.php?rest_route=\/wp\/v2\/posts\/8381\/revisions\/8390"}],"wp:featuredmedia":[{"embeddable":true,"href":"https:\/\/spjastrzab.ugporaj.pl\/index.php?rest_route=\/wp\/v2\/media\/8388"}],"wp:attachment":[{"href":"https:\/\/spjastrzab.ugporaj.pl\/index.php?rest_route=%2Fwp%2Fv2%2Fmedia&parent=8381"}],"wp:term":[{"taxonomy":"category","embeddable":true,"href":"https:\/\/spjastrzab.ugporaj.pl\/index.php?rest_route=%2Fwp%2Fv2%2Fcategories&post=8381"},{"taxonomy":"post_tag","embeddable":true,"href":"https:\/\/spjastrzab.ugporaj.pl\/index.php?rest_route=%2Fwp%2Fv2%2Ftags&post=8381"}],"curies":[{"name":"wp","href":"https:\/\/api.w.org\/{rel}","templated":true}]}}