{"id":8369,"date":"2026-04-24T11:12:20","date_gmt":"2026-04-24T09:12:20","guid":{"rendered":"https:\/\/spjastrzab.ugporaj.pl\/?p=8369"},"modified":"2026-04-24T11:12:58","modified_gmt":"2026-04-24T09:12:58","slug":"ii-powiatowy-konkurs-historyczny-jagiellonowie-na-tronie-polskim","status":"publish","type":"post","link":"https:\/\/spjastrzab.ugporaj.pl\/?p=8369","title":{"rendered":"II Powiatowy Konkurs Historyczny &#8222;Jagiellonowie na tronie polskim&#8221;"},"content":{"rendered":"\t\t<div data-elementor-type=\"wp-post\" data-elementor-id=\"8369\" class=\"elementor elementor-8369\">\n\t\t\t\t\t\t<section class=\"elementor-section elementor-top-section elementor-element elementor-element-80b0b20 elementor-section-boxed elementor-section-height-default elementor-section-height-default\" data-id=\"80b0b20\" data-element_type=\"section\" data-e-type=\"section\">\n\t\t\t\t\t\t<div class=\"elementor-container elementor-column-gap-default\">\n\t\t\t\t\t<div class=\"elementor-column elementor-col-100 elementor-top-column elementor-element elementor-element-2247e22b\" data-id=\"2247e22b\" data-element_type=\"column\" data-e-type=\"column\">\n\t\t\t<div class=\"elementor-widget-wrap elementor-element-populated\">\n\t\t\t\t\t\t<div class=\"elementor-element elementor-element-59fef32 elementor-widget elementor-widget-text-editor\" data-id=\"59fef32\" data-element_type=\"widget\" data-e-type=\"widget\" data-widget_type=\"text-editor.default\">\n\t\t\t\t<div class=\"elementor-widget-container\">\n\t\t\t\t\t\t\t\t\t<div class=\"xdj266r x14z9mp xat24cr x1lziwak x1vvkbs x126k92a\">\n<div dir=\"auto\">W dniu 21 kwietnia w Szkole Podstawowej im. Pokoju w \u017barkach Letnisko odby\u0142 si\u0119 II Powiatowy Konkurs Historyczny&#8221;Jagiellonowie na tronie polskim&#8221;. Uczniowie naszej szko\u0142y w sk\u0142adzie Gabriela Kukla klasa VII, Leon Ku\u015bnierczyk i Tomasz Mazurkiewicz z klasy VI zaj\u0119li I miejsce w konkursowych zmaganiach. Gratulujemy sukcesu!<\/div>\n<\/div>\n<\/div><\/div><\/div><\/div><\/div><\/section><\/div> <a href=\"https:\/\/spjastrzab.ugporaj.pl\/?p=8369#more-8369\" class=\"more-link elementor-more-link\"><span aria-label=\"Czytaj dalej II Powiatowy Konkurs Historyczny &#8222;Jagiellonowie na tronie polskim&#8221;\">(wi\u0119cej&hellip;)<\/span><\/a>","protected":false},"excerpt":{"rendered":"<p>W dniu 21 kwietnia w Szkole Podstawowej im. Pokoju w \u017barkach Letnisko odby\u0142 si\u0119 II Powiatowy Konkurs Historyczny&#8221;Jagiellonowie na tronie polskim&#8221;. Uczniowie naszej szko\u0142y w sk\u0142adzie Gabriela Kukla klasa VII, Leon Ku\u015bnierczyk i Tomasz Mazurkiewicz z klasy VI zaj\u0119li I miejsce w konkursowych zmaganiach. Gratulujemy sukcesu!<\/p>\n","protected":false},"author":2,"featured_media":8371,"comment_status":"closed","ping_status":"open","sticky":false,"template":"","format":"standard","meta":{"ngg_post_thumbnail":0,"footnotes":""},"categories":[3],"tags":[],"class_list":["post-8369","post","type-post","status-publish","format-standard","has-post-thumbnail","hentry","category-aktualnosci"],"_links":{"self":[{"href":"https:\/\/spjastrzab.ugporaj.pl\/index.php?rest_route=\/wp\/v2\/posts\/8369","targetHints":{"allow":["GET"]}}],"collection":[{"href":"https:\/\/spjastrzab.ugporaj.pl\/index.php?rest_route=\/wp\/v2\/posts"}],"about":[{"href":"https:\/\/spjastrzab.ugporaj.pl\/index.php?rest_route=\/wp\/v2\/types\/post"}],"author":[{"embeddable":true,"href":"https:\/\/spjastrzab.ugporaj.pl\/index.php?rest_route=\/wp\/v2\/users\/2"}],"replies":[{"embeddable":true,"href":"https:\/\/spjastrzab.ugporaj.pl\/index.php?rest_route=%2Fwp%2Fv2%2Fcomments&post=8369"}],"version-history":[{"count":4,"href":"https:\/\/spjastrzab.ugporaj.pl\/index.php?rest_route=\/wp\/v2\/posts\/8369\/revisions"}],"predecessor-version":[{"id":8380,"href":"https:\/\/spjastrzab.ugporaj.pl\/index.php?rest_route=\/wp\/v2\/posts\/8369\/revisions\/8380"}],"wp:featuredmedia":[{"embeddable":true,"href":"https:\/\/spjastrzab.ugporaj.pl\/index.php?rest_route=\/wp\/v2\/media\/8371"}],"wp:attachment":[{"href":"https:\/\/spjastrzab.ugporaj.pl\/index.php?rest_route=%2Fwp%2Fv2%2Fmedia&parent=8369"}],"wp:term":[{"taxonomy":"category","embeddable":true,"href":"https:\/\/spjastrzab.ugporaj.pl\/index.php?rest_route=%2Fwp%2Fv2%2Fcategories&post=8369"},{"taxonomy":"post_tag","embeddable":true,"href":"https:\/\/spjastrzab.ugporaj.pl\/index.php?rest_route=%2Fwp%2Fv2%2Ftags&post=8369"}],"curies":[{"name":"wp","href":"https:\/\/api.w.org\/{rel}","templated":true}]}}