{"id":6122,"date":"2025-10-31T18:49:59","date_gmt":"2025-10-31T17:49:59","guid":{"rendered":"https:\/\/spjastrzab.ugporaj.pl\/?p=6122"},"modified":"2025-10-31T18:52:00","modified_gmt":"2025-10-31T17:52:00","slug":"pasowanie-uczniow-pelne-wzruszen-i-radosci","status":"publish","type":"post","link":"https:\/\/spjastrzab.ugporaj.pl\/?p=6122","title":{"rendered":"Pasowanie uczni\u00f3w pe\u0142ne wzrusze\u0144 i rado\u015bci"},"content":{"rendered":"\t\t<div data-elementor-type=\"wp-post\" data-elementor-id=\"6122\" class=\"elementor elementor-6122\">\n\t\t\t\t\t\t<section class=\"elementor-section elementor-top-section elementor-element elementor-element-a63e3ca elementor-section-boxed elementor-section-height-default elementor-section-height-default\" data-id=\"a63e3ca\" data-element_type=\"section\" data-e-type=\"section\">\n\t\t\t\t\t\t<div class=\"elementor-container elementor-column-gap-default\">\n\t\t\t\t\t<div class=\"elementor-column elementor-col-100 elementor-top-column elementor-element elementor-element-576e7d89\" data-id=\"576e7d89\" data-element_type=\"column\" data-e-type=\"column\">\n\t\t\t<div class=\"elementor-widget-wrap elementor-element-populated\">\n\t\t\t\t\t\t<div class=\"elementor-element elementor-element-c39725a elementor-widget elementor-widget-text-editor\" data-id=\"c39725a\" data-element_type=\"widget\" data-e-type=\"widget\" data-widget_type=\"text-editor.default\">\n\t\t\t\t<div class=\"elementor-widget-container\">\n\t\t\t\t\t\t\t\t\t<div dir=\"auto\">&#8222;Bierzemy \u015blub ze szko\u0142\u0105&#8221; &#8211; mi\u0119dzy innymi takie s\u0142owa da\u0142y si\u0119 us\u0142ysze\u0107 w jednej z piosenek naszych pierwszoklasist\u00f3w, kt\u00f3rzy oficjalnie zostali w\u0142\u0105czeni w poczet uczni\u00f3w naszej szko\u0142y. Podnios\u0142a atmosfera, piegi Pana Kleksa i mistrzowskie wyst\u0119py &#8211; to mogli\u015bmy prze\u017cy\u0107 razem z dwunastk\u0105 siedmiolatk\u00f3w doskonale wytrenowanych pod czujnym okiem wychowawczyni- Pani Marioli Wieczorek i nauczyciela wsp\u00f3\u0142organizujacego kszta\u0142cenie &#8211; Pani Moniki Noco\u0144.<\/div>\n<\/div><\/div><\/div><\/div><\/div><\/section><\/div> <a href=\"https:\/\/spjastrzab.ugporaj.pl\/?p=6122#more-6122\" class=\"more-link elementor-more-link\"><span aria-label=\"Czytaj dalej Pasowanie uczni\u00f3w pe\u0142ne wzrusze\u0144 i rado\u015bci\">(wi\u0119cej&hellip;)<\/span><\/a>","protected":false},"excerpt":{"rendered":"<p>&#8222;Bierzemy \u015blub ze szko\u0142\u0105&#8221; &#8211; mi\u0119dzy innymi takie s\u0142owa da\u0142y si\u0119 us\u0142ysze\u0107 w jednej z piosenek naszych pierwszoklasist\u00f3w, kt\u00f3rzy oficjalnie zostali w\u0142\u0105czeni w poczet uczni\u00f3w naszej szko\u0142y. Podnios\u0142a atmosfera, piegi Pana Kleksa i mistrzowskie wyst\u0119py &#8211; to mogli\u015bmy prze\u017cy\u0107 razem z dwunastk\u0105 siedmiolatk\u00f3w doskonale wytrenowanych pod czujnym okiem wychowawczyni- Pani Marioli Wieczorek i nauczyciela wsp\u00f3\u0142organizujacego [&hellip;]<\/p>\n","protected":false},"author":2,"featured_media":6157,"comment_status":"closed","ping_status":"open","sticky":false,"template":"","format":"standard","meta":{"ngg_post_thumbnail":0,"footnotes":""},"categories":[3],"tags":[],"class_list":["post-6122","post","type-post","status-publish","format-standard","has-post-thumbnail","hentry","category-aktualnosci"],"_links":{"self":[{"href":"https:\/\/spjastrzab.ugporaj.pl\/index.php?rest_route=\/wp\/v2\/posts\/6122","targetHints":{"allow":["GET"]}}],"collection":[{"href":"https:\/\/spjastrzab.ugporaj.pl\/index.php?rest_route=\/wp\/v2\/posts"}],"about":[{"href":"https:\/\/spjastrzab.ugporaj.pl\/index.php?rest_route=\/wp\/v2\/types\/post"}],"author":[{"embeddable":true,"href":"https:\/\/spjastrzab.ugporaj.pl\/index.php?rest_route=\/wp\/v2\/users\/2"}],"replies":[{"embeddable":true,"href":"https:\/\/spjastrzab.ugporaj.pl\/index.php?rest_route=%2Fwp%2Fv2%2Fcomments&post=6122"}],"version-history":[{"count":4,"href":"https:\/\/spjastrzab.ugporaj.pl\/index.php?rest_route=\/wp\/v2\/posts\/6122\/revisions"}],"predecessor-version":[{"id":6184,"href":"https:\/\/spjastrzab.ugporaj.pl\/index.php?rest_route=\/wp\/v2\/posts\/6122\/revisions\/6184"}],"wp:featuredmedia":[{"embeddable":true,"href":"https:\/\/spjastrzab.ugporaj.pl\/index.php?rest_route=\/wp\/v2\/media\/6157"}],"wp:attachment":[{"href":"https:\/\/spjastrzab.ugporaj.pl\/index.php?rest_route=%2Fwp%2Fv2%2Fmedia&parent=6122"}],"wp:term":[{"taxonomy":"category","embeddable":true,"href":"https:\/\/spjastrzab.ugporaj.pl\/index.php?rest_route=%2Fwp%2Fv2%2Fcategories&post=6122"},{"taxonomy":"post_tag","embeddable":true,"href":"https:\/\/spjastrzab.ugporaj.pl\/index.php?rest_route=%2Fwp%2Fv2%2Ftags&post=6122"}],"curies":[{"name":"wp","href":"https:\/\/api.w.org\/{rel}","templated":true}]}}