{"id":6104,"date":"2025-10-31T18:41:02","date_gmt":"2025-10-31T17:41:02","guid":{"rendered":"https:\/\/spjastrzab.ugporaj.pl\/?p=6104"},"modified":"2025-10-31T18:42:16","modified_gmt":"2025-10-31T17:42:16","slug":"%f0%9f%a7%b5-wizyta-klasy-6-w-pracowni-krawieckiej-%f0%9f%91%97","status":"publish","type":"post","link":"https:\/\/spjastrzab.ugporaj.pl\/?p=6104","title":{"rendered":"\ud83e\uddf5 Wizyta klasy 6 w pracowni krawieckiej! \ud83d\udc57"},"content":{"rendered":"\t\t<div data-elementor-type=\"wp-post\" data-elementor-id=\"6104\" class=\"elementor elementor-6104\">\n\t\t\t\t\t\t<section class=\"elementor-section elementor-top-section elementor-element elementor-element-6d807049 elementor-section-boxed elementor-section-height-default elementor-section-height-default\" data-id=\"6d807049\" data-element_type=\"section\" data-e-type=\"section\">\n\t\t\t\t\t\t<div class=\"elementor-container elementor-column-gap-default\">\n\t\t\t\t\t<div class=\"elementor-column elementor-col-100 elementor-top-column elementor-element elementor-element-11a77f84\" data-id=\"11a77f84\" data-element_type=\"column\" data-e-type=\"column\">\n\t\t\t<div class=\"elementor-widget-wrap elementor-element-populated\">\n\t\t\t\t\t\t<div class=\"elementor-element elementor-element-46499017 elementor-widget elementor-widget-text-editor\" data-id=\"46499017\" data-element_type=\"widget\" data-e-type=\"widget\" data-widget_type=\"text-editor.default\">\n\t\t\t\t<div class=\"elementor-widget-container\">\n\t\t\t\t\t\t\t\t\t<div dir=\"auto\">Dzi\u015b uczniowie klasy 6 mieli wyj\u0105tkow\u0105 okazj\u0119 odwiedzi\u0107 pracowni\u0119 krawieck\u0105, w kt\u00f3rej mama Bruna \u2013 pani Patrycja Bare\u0142a \u2013 wprowadzi\u0142a nas w fascynuj\u0105cy \u015bwiat dekoratora wn\u0119trz. Dowiedzieli\u015bmy si\u0119, jak powstaj\u0105 tkaniny, zas\u0142ony i poduszki, kt\u00f3re nadaj\u0105 charakter pomieszczeniom, a tak\u017ce spr\u00f3bowali\u015bmy swoich si\u0142 przy maszynie do szycia! <span class=\"html-span xexx8yu xyri2b x18d9i69 x1c1uobl x1hl2dhg x16tdsg8 x1vvkbs x3nfvp2 x1j61x8r x1fcty0u xdj266r xat24cr xm2jcoa x1mpyi22 xxymvpz xlup9mm x1kky2od\"><img decoding=\"async\" class=\"xz74otr x15mokao x1ga7v0g x16uus16 xbiv7yw\" src=\"https:\/\/static.xx.fbcdn.net\/images\/emoji.php\/v9\/ta9\/1\/16\/1faa1.png\" alt=\"\ud83e\udea1\" width=\"16\" height=\"16\"\/><\/span><\/div>\n<\/div><\/div><\/div><\/div><\/div><\/section><\/div> <a href=\"https:\/\/spjastrzab.ugporaj.pl\/?p=6104#more-6104\" class=\"more-link elementor-more-link\"><span aria-label=\"Czytaj dalej \ud83e\uddf5 Wizyta klasy 6 w pracowni krawieckiej! \ud83d\udc57\">(wi\u0119cej&hellip;)<\/span><\/a>","protected":false},"excerpt":{"rendered":"<p>Dzi\u015b uczniowie klasy 6 mieli wyj\u0105tkow\u0105 okazj\u0119 odwiedzi\u0107 pracowni\u0119 krawieck\u0105, w kt\u00f3rej mama Bruna \u2013 pani Patrycja Bare\u0142a \u2013 wprowadzi\u0142a nas w fascynuj\u0105cy \u015bwiat dekoratora wn\u0119trz. Dowiedzieli\u015bmy si\u0119, jak powstaj\u0105 tkaniny, zas\u0142ony i poduszki, kt\u00f3re nadaj\u0105 charakter pomieszczeniom, a tak\u017ce spr\u00f3bowali\u015bmy swoich si\u0142 przy maszynie do szycia!<\/p>\n","protected":false},"author":2,"featured_media":6112,"comment_status":"closed","ping_status":"open","sticky":false,"template":"","format":"standard","meta":{"ngg_post_thumbnail":0,"footnotes":""},"categories":[3],"tags":[],"class_list":["post-6104","post","type-post","status-publish","format-standard","has-post-thumbnail","hentry","category-aktualnosci"],"_links":{"self":[{"href":"https:\/\/spjastrzab.ugporaj.pl\/index.php?rest_route=\/wp\/v2\/posts\/6104","targetHints":{"allow":["GET"]}}],"collection":[{"href":"https:\/\/spjastrzab.ugporaj.pl\/index.php?rest_route=\/wp\/v2\/posts"}],"about":[{"href":"https:\/\/spjastrzab.ugporaj.pl\/index.php?rest_route=\/wp\/v2\/types\/post"}],"author":[{"embeddable":true,"href":"https:\/\/spjastrzab.ugporaj.pl\/index.php?rest_route=\/wp\/v2\/users\/2"}],"replies":[{"embeddable":true,"href":"https:\/\/spjastrzab.ugporaj.pl\/index.php?rest_route=%2Fwp%2Fv2%2Fcomments&post=6104"}],"version-history":[{"count":4,"href":"https:\/\/spjastrzab.ugporaj.pl\/index.php?rest_route=\/wp\/v2\/posts\/6104\/revisions"}],"predecessor-version":[{"id":6121,"href":"https:\/\/spjastrzab.ugporaj.pl\/index.php?rest_route=\/wp\/v2\/posts\/6104\/revisions\/6121"}],"wp:featuredmedia":[{"embeddable":true,"href":"https:\/\/spjastrzab.ugporaj.pl\/index.php?rest_route=\/wp\/v2\/media\/6112"}],"wp:attachment":[{"href":"https:\/\/spjastrzab.ugporaj.pl\/index.php?rest_route=%2Fwp%2Fv2%2Fmedia&parent=6104"}],"wp:term":[{"taxonomy":"category","embeddable":true,"href":"https:\/\/spjastrzab.ugporaj.pl\/index.php?rest_route=%2Fwp%2Fv2%2Fcategories&post=6104"},{"taxonomy":"post_tag","embeddable":true,"href":"https:\/\/spjastrzab.ugporaj.pl\/index.php?rest_route=%2Fwp%2Fv2%2Ftags&post=6104"}],"curies":[{"name":"wp","href":"https:\/\/api.w.org\/{rel}","templated":true}]}}