{"id":4562,"date":"2025-05-28T10:21:45","date_gmt":"2025-05-28T08:21:45","guid":{"rendered":"https:\/\/spjastrzab.ugporaj.pl\/?p=4562"},"modified":"2025-05-28T11:25:54","modified_gmt":"2025-05-28T09:25:54","slug":"%f0%9f%8e%89-rodzinna-zabawa-jakiej-jeszcze-nie-bylo-%f0%9f%8e%89","status":"publish","type":"post","link":"https:\/\/spjastrzab.ugporaj.pl\/?p=4562","title":{"rendered":"\ud83c\udf89Rodzinna zabawa jakiej jeszcze nie by\u0142o!\ud83c\udf89"},"content":{"rendered":"\t\t<div data-elementor-type=\"wp-post\" data-elementor-id=\"4562\" class=\"elementor elementor-4562\">\n\t\t\t\t\t\t<section class=\"elementor-section elementor-top-section elementor-element elementor-element-41c1a301 elementor-section-boxed elementor-section-height-default elementor-section-height-default\" data-id=\"41c1a301\" data-element_type=\"section\" data-e-type=\"section\">\n\t\t\t\t\t\t<div class=\"elementor-container elementor-column-gap-default\">\n\t\t\t\t\t<div class=\"elementor-column elementor-col-100 elementor-top-column elementor-element elementor-element-567ce04b\" data-id=\"567ce04b\" data-element_type=\"column\" data-e-type=\"column\">\n\t\t\t<div class=\"elementor-widget-wrap elementor-element-populated\">\n\t\t\t\t\t\t<div class=\"elementor-element elementor-element-58226926 elementor-widget elementor-widget-text-editor\" data-id=\"58226926\" data-element_type=\"widget\" data-e-type=\"widget\" data-widget_type=\"text-editor.default\">\n\t\t\t\t<div class=\"elementor-widget-container\">\n\t\t\t\t\t\t\t\t\t<p data-start=\"53\" data-end=\"264\">Szko\u0142a Podstawowa im. Kazimierza Wielkiego w Jastrz\u0119biu serdecznie zaprasza na <strong data-start=\"132\" data-end=\"151\">FESTYN RODZINNY<\/strong>, kt\u00f3ry odb\u0119dzie si\u0119 <strong data-start=\"172\" data-end=\"193\">7 czerwca 2025 r.<\/strong> pod honorowym patronatem W\u00f3jta Gminy Poraj \u2014 <strong data-start=\"238\" data-end=\"263\">Katarzyny Ka\u017amierczak<\/strong>!<\/p><\/div><\/div><\/div><\/div><\/div><\/section><\/div> <a href=\"https:\/\/spjastrzab.ugporaj.pl\/?p=4562#more-4562\" class=\"more-link elementor-more-link\"><span aria-label=\"Czytaj dalej \ud83c\udf89Rodzinna zabawa jakiej jeszcze nie by\u0142o!\ud83c\udf89\">(wi\u0119cej&hellip;)<\/span><\/a>","protected":false},"excerpt":{"rendered":"<p>Szko\u0142a Podstawowa im. Kazimierza Wielkiego w Jastrz\u0119biu serdecznie zaprasza na FESTYN RODZINNY, kt\u00f3ry odb\u0119dzie si\u0119 7 czerwca 2025 r. pod honorowym patronatem W\u00f3jta Gminy Poraj \u2014 Katarzyny Ka\u017amierczak!<\/p>\n","protected":false},"author":2,"featured_media":4584,"comment_status":"closed","ping_status":"open","sticky":false,"template":"","format":"standard","meta":{"ngg_post_thumbnail":0,"footnotes":""},"categories":[3],"tags":[],"class_list":["post-4562","post","type-post","status-publish","format-standard","has-post-thumbnail","hentry","category-aktualnosci"],"_links":{"self":[{"href":"https:\/\/spjastrzab.ugporaj.pl\/index.php?rest_route=\/wp\/v2\/posts\/4562","targetHints":{"allow":["GET"]}}],"collection":[{"href":"https:\/\/spjastrzab.ugporaj.pl\/index.php?rest_route=\/wp\/v2\/posts"}],"about":[{"href":"https:\/\/spjastrzab.ugporaj.pl\/index.php?rest_route=\/wp\/v2\/types\/post"}],"author":[{"embeddable":true,"href":"https:\/\/spjastrzab.ugporaj.pl\/index.php?rest_route=\/wp\/v2\/users\/2"}],"replies":[{"embeddable":true,"href":"https:\/\/spjastrzab.ugporaj.pl\/index.php?rest_route=%2Fwp%2Fv2%2Fcomments&post=4562"}],"version-history":[{"count":19,"href":"https:\/\/spjastrzab.ugporaj.pl\/index.php?rest_route=\/wp\/v2\/posts\/4562\/revisions"}],"predecessor-version":[{"id":4583,"href":"https:\/\/spjastrzab.ugporaj.pl\/index.php?rest_route=\/wp\/v2\/posts\/4562\/revisions\/4583"}],"wp:featuredmedia":[{"embeddable":true,"href":"https:\/\/spjastrzab.ugporaj.pl\/index.php?rest_route=\/wp\/v2\/media\/4584"}],"wp:attachment":[{"href":"https:\/\/spjastrzab.ugporaj.pl\/index.php?rest_route=%2Fwp%2Fv2%2Fmedia&parent=4562"}],"wp:term":[{"taxonomy":"category","embeddable":true,"href":"https:\/\/spjastrzab.ugporaj.pl\/index.php?rest_route=%2Fwp%2Fv2%2Fcategories&post=4562"},{"taxonomy":"post_tag","embeddable":true,"href":"https:\/\/spjastrzab.ugporaj.pl\/index.php?rest_route=%2Fwp%2Fv2%2Ftags&post=4562"}],"curies":[{"name":"wp","href":"https:\/\/api.w.org\/{rel}","templated":true}]}}