{"id":1421,"date":"2024-03-15T09:17:24","date_gmt":"2024-03-15T08:17:24","guid":{"rendered":"http:\/\/spjastrzab.ugporaj.pl\/?p=1421"},"modified":"2024-03-15T09:20:24","modified_gmt":"2024-03-15T08:20:24","slug":"zbieralismy-zywnosc-w-wafelku","status":"publish","type":"post","link":"https:\/\/spjastrzab.ugporaj.pl\/?p=1421","title":{"rendered":"Zbierali\u015bmy \u017cywno\u015b\u0107 w Wafelku"},"content":{"rendered":"\t\t<div data-elementor-type=\"wp-post\" data-elementor-id=\"1421\" class=\"elementor elementor-1421\">\n\t\t\t\t\t\t<section class=\"elementor-section elementor-top-section elementor-element elementor-element-d1b86f7 elementor-section-boxed elementor-section-height-default elementor-section-height-default\" data-id=\"d1b86f7\" data-element_type=\"section\" data-e-type=\"section\">\n\t\t\t\t\t\t<div class=\"elementor-container elementor-column-gap-default\">\n\t\t\t\t\t<div class=\"elementor-column elementor-col-100 elementor-top-column elementor-element elementor-element-983f440\" data-id=\"983f440\" data-element_type=\"column\" data-e-type=\"column\">\n\t\t\t<div class=\"elementor-widget-wrap elementor-element-populated\">\n\t\t\t\t\t\t<div class=\"elementor-element elementor-element-52fd8c12 elementor-widget elementor-widget-text-editor\" data-id=\"52fd8c12\" data-element_type=\"widget\" data-e-type=\"widget\" data-widget_type=\"text-editor.default\">\n\t\t\t\t<div class=\"elementor-widget-container\">\n\t\t\t\t\t\t\t\t\t<div dir=\"auto\">Wolontariusze Szkolnego Ko\u0142a Caritas przyst\u0105pili do Og\u00f3lnopolskiej Zbi\u00f3rki \u017bywno\u015bci TAK POMAGAM! Zbierali\u015bmy \u017cywno\u015b\u0107 w Wafelku. Pom\u00f3\u017c i Ty.&nbsp;<\/div>\n<\/div><\/div><\/div><\/div><\/div><\/section><\/div> <a href=\"https:\/\/spjastrzab.ugporaj.pl\/?p=1421#more-1421\" class=\"more-link elementor-more-link\"><span aria-label=\"Czytaj dalej Zbierali\u015bmy \u017cywno\u015b\u0107 w Wafelku\">(wi\u0119cej&hellip;)<\/span><\/a>","protected":false},"excerpt":{"rendered":"<p>Wolontariusze Szkolnego Ko\u0142a Caritas przyst\u0105pili do Og\u00f3lnopolskiej Zbi\u00f3rki \u017bywno\u015bci TAK POMAGAM! Zbierali\u015bmy \u017cywno\u015b\u0107 w Wafelku. Pom\u00f3\u017c i Ty.&nbsp;<\/p>\n","protected":false},"author":2,"featured_media":1423,"comment_status":"closed","ping_status":"open","sticky":false,"template":"","format":"standard","meta":{"ngg_post_thumbnail":0,"footnotes":""},"categories":[3,1],"tags":[],"class_list":["post-1421","post","type-post","status-publish","format-standard","has-post-thumbnail","hentry","category-aktualnosci","category-bez-kategorii"],"_links":{"self":[{"href":"https:\/\/spjastrzab.ugporaj.pl\/index.php?rest_route=\/wp\/v2\/posts\/1421","targetHints":{"allow":["GET"]}}],"collection":[{"href":"https:\/\/spjastrzab.ugporaj.pl\/index.php?rest_route=\/wp\/v2\/posts"}],"about":[{"href":"https:\/\/spjastrzab.ugporaj.pl\/index.php?rest_route=\/wp\/v2\/types\/post"}],"author":[{"embeddable":true,"href":"https:\/\/spjastrzab.ugporaj.pl\/index.php?rest_route=\/wp\/v2\/users\/2"}],"replies":[{"embeddable":true,"href":"https:\/\/spjastrzab.ugporaj.pl\/index.php?rest_route=%2Fwp%2Fv2%2Fcomments&post=1421"}],"version-history":[{"count":5,"href":"https:\/\/spjastrzab.ugporaj.pl\/index.php?rest_route=\/wp\/v2\/posts\/1421\/revisions"}],"predecessor-version":[{"id":1432,"href":"https:\/\/spjastrzab.ugporaj.pl\/index.php?rest_route=\/wp\/v2\/posts\/1421\/revisions\/1432"}],"wp:featuredmedia":[{"embeddable":true,"href":"https:\/\/spjastrzab.ugporaj.pl\/index.php?rest_route=\/wp\/v2\/media\/1423"}],"wp:attachment":[{"href":"https:\/\/spjastrzab.ugporaj.pl\/index.php?rest_route=%2Fwp%2Fv2%2Fmedia&parent=1421"}],"wp:term":[{"taxonomy":"category","embeddable":true,"href":"https:\/\/spjastrzab.ugporaj.pl\/index.php?rest_route=%2Fwp%2Fv2%2Fcategories&post=1421"},{"taxonomy":"post_tag","embeddable":true,"href":"https:\/\/spjastrzab.ugporaj.pl\/index.php?rest_route=%2Fwp%2Fv2%2Ftags&post=1421"}],"curies":[{"name":"wp","href":"https:\/\/api.w.org\/{rel}","templated":true}]}}